[{"@context":"https:\/\/schema.org\/","@type":"Article","@id":"https:\/\/www.usis.cz\/dodavka-muze-byt-uzitecna\/#Article","mainEntityOfPage":"https:\/\/www.usis.cz\/dodavka-muze-byt-uzitecna\/","headline":"Dod\u00e1vka m\u016f\u017ee b\u00fdt u\u017eite\u010dn\u00e1","name":"Dod\u00e1vka m\u016f\u017ee b\u00fdt u\u017eite\u010dn\u00e1","description":"Za norm\u00e1ln\u00edch okolnost\u00ed si naprost\u00e1 v\u011bt\u0161ina z n\u00e1s ur\u010dit\u011b vysta\u010d\u00ed s ve\u0159ejnou dopravou nebo se sv\u00fdm osobn\u00edm automobilem. Je to logick\u00e9, proto\u017ee jak\u00fdkoliv v\u011bt\u0161\u00ed v\u016fz pou\u017e\u00edvan\u00fd k nevyt\u00ed\u017een\u00fdm j\u00edzd\u00e1m by byl zbyte\u010dn\u011b drah\u00fd luxus, nemluv\u011b u\u017e o tom, \u017ee se s n\u011b\u010d\u00edm takov\u00fdm zejm\u00e9na ve m\u011bstech jen t\u011b\u017eko parkuje.Ov\u0161em jsou&hellip; ","datePublished":"2019-11-24","dateModified":"2023-04-28","author":{"@type":"Person","@id":"https:\/\/www.usis.cz\/author\/devene\/#Person","name":"usis.cz","url":"https:\/\/www.usis.cz\/author\/devene\/","identifier":1,"image":{"@type":"ImageObject","@id":"https:\/\/secure.gravatar.com\/avatar\/da76ffe9456a057fb26f92cd8eb3d2effca853864e9ae2a35290bd1e10b1f7d4?s=96&d=mm&r=g","url":"https:\/\/secure.gravatar.com\/avatar\/da76ffe9456a057fb26f92cd8eb3d2effca853864e9ae2a35290bd1e10b1f7d4?s=96&d=mm&r=g","height":96,"width":96}},"publisher":{"@type":"Organization","name":"usis.cz","logo":{"@type":"ImageObject","@id":"\/logo.png","url":"\/logo.png","width":600,"height":60}},"image":{"@type":"ImageObject","@id":"https:\/\/www.usis.cz\/wp-content\/uploads\/img_a365526_w1951_t1578328860.jpg","url":"https:\/\/www.usis.cz\/wp-content\/uploads\/img_a365526_w1951_t1578328860.jpg","height":0,"width":0},"url":"https:\/\/www.usis.cz\/dodavka-muze-byt-uzitecna\/","about":["Business"],"wordCount":447,"articleBody":"        Za norm\u00e1ln\u00edch okolnost\u00ed si naprost\u00e1 v\u011bt\u0161ina z n\u00e1s ur\u010dit\u011b vysta\u010d\u00ed s ve\u0159ejnou dopravou nebo se sv\u00fdm osobn\u00edm automobilem. Je to logick\u00e9, proto\u017ee jak\u00fdkoliv v\u011bt\u0161\u00ed v\u016fz pou\u017e\u00edvan\u00fd k nevyt\u00ed\u017een\u00fdm j\u00edzd\u00e1m by byl zbyte\u010dn\u011b drah\u00fd luxus, nemluv\u011b u\u017e o tom, \u017ee se s n\u011b\u010d\u00edm takov\u00fdm zejm\u00e9na ve m\u011bstech jen t\u011b\u017eko parkuje.Ov\u0161em jsou v \u017eivot\u011b lidsk\u00e9m i situace, kdy by to n\u011bjak\u00e9 v\u011bt\u0161\u00ed vozidlo cht\u011blo. Ne sice zrovna kamion nebo jin\u00e9 n\u00e1kladn\u00ed auto, ale p\u0159ece jenom n\u011bco v\u011bt\u0161\u00edho ne\u017e vozidlo osobn\u00ed. Proto\u017ee jsou situace, kdy je t\u0159eba odv\u00e9zt v\u011bt\u0161\u00ed po\u010det lid\u00ed nebo v\u011bt\u0161\u00ed n\u00e1klad, ne\u017e na jak\u00fd sta\u010d\u00ed osobn\u00ed v\u016fz.Jist\u011b, n\u011bkdy se to d\u00e1 zvl\u00e1dnout tak, \u017ee se jede n\u011bkolikr\u00e1t na oto\u010dku, \u017ee se odvoz\u00ed ti nebo to po \u010d\u00e1stech. Ale nen\u00ed to pohodln\u00e9. A jsou i situace, kdy je to p\u0159\u00edmo vylou\u010den\u00e9, proto\u017ee je t\u0159eba takov\u00fd n\u00e1klad objemn\u00fd a nerozd\u011bliteln\u00fd nebo se maj\u00ed zm\u00edn\u011bn\u00ed spolucestuj\u00edc\u00ed odv\u00e9zt tak daleko, \u017ee by se pendlov\u00e1n\u00ed sem a tam hodn\u011b prodra\u017eilo.A pak m\u016f\u017ee p\u0159ij\u00edt vhod t\u0159eba dod\u00e1vka. Ji\u017e sice v\u011bt\u0161ina z n\u00e1s nevlastn\u00ed a ani si ji nikdy kv\u016fli ojedin\u011bl\u00fdm situac\u00edm, kdy je j\u00ed zapot\u0159eb\u00ed, nekoup\u00ed, ale to nevad\u00ed. Proto\u017ee si ji lze i jednodu\u0161e vyp\u016fj\u010dit.Takov\u00e1 spolehliv\u00e1 p\u016fj\u010dovna dod\u00e1vek dok\u00e1\u017ee nejednou \u010dlov\u011bku vytrhnout trn z paty. A to t\u00edm, \u017ee si tu \u010dlov\u011bk m\u016f\u017ee takov\u00fd typ vozidla vyp\u016fj\u010dit, kdykoliv ho pot\u0159ebuje, a pak ho zase vr\u00e1tit, a to naprosto bez starost\u00ed.T\u0159eba pr\u00e1v\u011b v t\u00e9to p\u016fj\u010dovn\u011b nen\u00ed \u017e\u00e1dn\u00fd probl\u00e9m z\u00edskat podobn\u00e9 vozidlo, j\u00edm\u017e se \u010dlov\u011bk nemus\u00ed b\u00e1t cestovat ani po na\u0161\u00ed vlasti, ani do zahrani\u010d\u00ed. Proch\u00e1z\u00ed toti\u017e ve\u0161ker\u00fdmi povinn\u00fdmi servisn\u00edmi prohl\u00eddkami, je kontrolov\u00e1no p\u0159i ka\u017ed\u00e9m vr\u00e1cen\u00ed a nehroz\u00ed tud\u00ed\u017e sebemen\u0161\u00ed technick\u00e9 probl\u00e9my souvisej\u00edc\u00ed s jeho \u0161patn\u00fdm stavem.Lze si tu vybrat z n\u011bkolika zna\u010dek, velikost\u00ed a jin\u00fdch vlastnost\u00ed, vozidlo si tu lze p\u016fj\u010dit v pracovn\u00ed dob\u011b a po dohod\u011b i mimo ni, lze si ho nechat i kamkoliv p\u0159istavit a jsou tu i \u010detn\u00e1 dal\u0161\u00ed plus.D\u00edky \u010demu\u017e se p\u016fj\u010den\u00ed dod\u00e1vky zde v\u017edy vyplat\u00ed.                                                                                                                                                                                                                                                                                                                                                                                          4.6\/5 - (9 votes)        "},{"@context":"https:\/\/schema.org\/","@type":"BreadcrumbList","itemListElement":[{"@type":"ListItem","position":1,"name":"Dod\u00e1vka m\u016f\u017ee b\u00fdt u\u017eite\u010dn\u00e1","item":"https:\/\/www.usis.cz\/dodavka-muze-byt-uzitecna\/#breadcrumbitem"}]}]