{"@context":"https:\/\/schema.org\/","@type":"CollectionPage","@id":"https:\/\/www.usis.cz\/nakupy\/#CollectionPage","headline":"N\u00e1kupy Category","description":"","url":"https:\/\/www.usis.cz\/nakupy\/","hasPart":[{"@type":"Article","@id":"https:\/\/www.usis.cz\/cista-a-nezavadna\/","headline":"\u010cist\u00e1 a nez\u00e1vadn\u00e1","url":"https:\/\/www.usis.cz\/cista-a-nezavadna\/","datePublished":"2026-01-07","dateModified":"2026-01-07","mainEntityOfPage":"https:\/\/www.usis.cz\/cista-a-nezavadna\/","author":{"@type":"Person","@id":"https:\/\/www.usis.cz\/author\/devene\/#Person","name":"usis.cz","url":"https:\/\/www.usis.cz\/author\/devene\/","identifier":1,"image":{"@type":"ImageObject","@id":"https:\/\/secure.gravatar.com\/avatar\/da76ffe9456a057fb26f92cd8eb3d2effca853864e9ae2a35290bd1e10b1f7d4?s=96&d=mm&r=g","url":"https:\/\/secure.gravatar.com\/avatar\/da76ffe9456a057fb26f92cd8eb3d2effca853864e9ae2a35290bd1e10b1f7d4?s=96&d=mm&r=g","height":96,"width":96}},"publisher":{"@type":"Organization","name":"usis.cz","logo":{"@type":"ImageObject","@id":"\/logo.png","url":"\/logo.png","width":600,"height":60}},"image":{"@type":"ImageObject","@id":"https:\/\/www.usis.cz\/wp-content\/uploads\/icsilviu-woman-5631257_640.jpg","url":"https:\/\/www.usis.cz\/wp-content\/uploads\/icsilviu-woman-5631257_640.jpg","height":0,"width":0},"keywords":null},{"@type":"Article","@id":"https:\/\/www.usis.cz\/nejlepsi-elektronicka-cigareta\/","headline":"Nejlep\u0161\u00ed elektronick\u00e1 cigareta","url":"https:\/\/www.usis.cz\/nejlepsi-elektronicka-cigareta\/","datePublished":"2025-12-13","dateModified":"2025-12-13","mainEntityOfPage":"https:\/\/www.usis.cz\/nejlepsi-elektronicka-cigareta\/","author":{"@type":"Person","@id":"https:\/\/www.usis.cz\/author\/devene\/#Person","name":"usis.cz","url":"https:\/\/www.usis.cz\/author\/devene\/","identifier":1,"image":{"@type":"ImageObject","@id":"https:\/\/secure.gravatar.com\/avatar\/da76ffe9456a057fb26f92cd8eb3d2effca853864e9ae2a35290bd1e10b1f7d4?s=96&d=mm&r=g","url":"https:\/\/secure.gravatar.com\/avatar\/da76ffe9456a057fb26f92cd8eb3d2effca853864e9ae2a35290bd1e10b1f7d4?s=96&d=mm&r=g","height":96,"width":96}},"publisher":{"@type":"Organization","name":"usis.cz","logo":{"@type":"ImageObject","@id":"\/logo.png","url":"\/logo.png","width":600,"height":60}},"image":{"@type":"ImageObject","@id":"https:\/\/www.usis.cz\/wp-content\/uploads\/vape-3589455_640.jpg","url":"https:\/\/www.usis.cz\/wp-content\/uploads\/vape-3589455_640.jpg","height":0,"width":0},"keywords":null},{"@type":"Article","@id":"https:\/\/www.usis.cz\/o-vyhodach-elektrickych-posuvnych-vjezdovych-bran\/","headline":"O v\u00fdhod\u00e1ch elektrick\u00fdch posuvn\u00fdch vjezdov\u00fdch bran","url":"https:\/\/www.usis.cz\/o-vyhodach-elektrickych-posuvnych-vjezdovych-bran\/","datePublished":"2025-11-18","dateModified":"2025-11-18","mainEntityOfPage":"https:\/\/www.usis.cz\/o-vyhodach-elektrickych-posuvnych-vjezdovych-bran\/","author":{"@type":"Person","@id":"https:\/\/www.usis.cz\/author\/devene\/#Person","name":"usis.cz","url":"https:\/\/www.usis.cz\/author\/devene\/","identifier":1,"image":{"@type":"ImageObject","@id":"https:\/\/secure.gravatar.com\/avatar\/da76ffe9456a057fb26f92cd8eb3d2effca853864e9ae2a35290bd1e10b1f7d4?s=96&d=mm&r=g","url":"https:\/\/secure.gravatar.com\/avatar\/da76ffe9456a057fb26f92cd8eb3d2effca853864e9ae2a35290bd1e10b1f7d4?s=96&d=mm&r=g","height":96,"width":96}},"publisher":{"@type":"Organization","name":"usis.cz","logo":{"@type":"ImageObject","@id":"\/logo.png","url":"\/logo.png","width":600,"height":60}},"image":{"@type":"ImageObject","@id":"https:\/\/www.usis.cz\/wp-content\/uploads\/parking-lot-6538926_640_6.jpg","url":"https:\/\/www.usis.cz\/wp-content\/uploads\/parking-lot-6538926_640_6.jpg","height":0,"width":0},"keywords":null},{"@type":"Article","@id":"https:\/\/www.usis.cz\/jak-byt-v-klidu\/","headline":"Jak b\u00fdt v klidu?","url":"https:\/\/www.usis.cz\/jak-byt-v-klidu\/","datePublished":"2025-11-09","dateModified":"2025-11-09","mainEntityOfPage":"https:\/\/www.usis.cz\/jak-byt-v-klidu\/","author":{"@type":"Person","@id":"https:\/\/www.usis.cz\/author\/devene\/#Person","name":"usis.cz","url":"https:\/\/www.usis.cz\/author\/devene\/","identifier":1,"image":{"@type":"ImageObject","@id":"https:\/\/secure.gravatar.com\/avatar\/da76ffe9456a057fb26f92cd8eb3d2effca853864e9ae2a35290bd1e10b1f7d4?s=96&d=mm&r=g","url":"https:\/\/secure.gravatar.com\/avatar\/da76ffe9456a057fb26f92cd8eb3d2effca853864e9ae2a35290bd1e10b1f7d4?s=96&d=mm&r=g","height":96,"width":96}},"publisher":{"@type":"Organization","name":"usis.cz","logo":{"@type":"ImageObject","@id":"\/logo.png","url":"\/logo.png","width":600,"height":60}},"image":{"@type":"ImageObject","@id":"https:\/\/www.usis.cz\/wp-content\/uploads\/pbb_1.jpg","url":"https:\/\/www.usis.cz\/wp-content\/uploads\/pbb_1.jpg","height":0,"width":0},"keywords":null},{"@type":"Article","@id":"https:\/\/www.usis.cz\/proc-bych-si-vybral-na-iphone-14-ochranny-kryt-mercury-semisilicon-magsafe-red\/","headline":"Pro\u010d bych si vybral na iPhone 14 ochrann\u00fd kryt Mercury SemiSilicon MagSafe Red","url":"https:\/\/www.usis.cz\/proc-bych-si-vybral-na-iphone-14-ochranny-kryt-mercury-semisilicon-magsafe-red\/","datePublished":"2025-10-14","dateModified":"2025-10-14","mainEntityOfPage":"https:\/\/www.usis.cz\/proc-bych-si-vybral-na-iphone-14-ochranny-kryt-mercury-semisilicon-magsafe-red\/","author":{"@type":"Person","@id":"https:\/\/www.usis.cz\/author\/devene\/#Person","name":"usis.cz","url":"https:\/\/www.usis.cz\/author\/devene\/","identifier":1,"image":{"@type":"ImageObject","@id":"https:\/\/secure.gravatar.com\/avatar\/da76ffe9456a057fb26f92cd8eb3d2effca853864e9ae2a35290bd1e10b1f7d4?s=96&d=mm&r=g","url":"https:\/\/secure.gravatar.com\/avatar\/da76ffe9456a057fb26f92cd8eb3d2effca853864e9ae2a35290bd1e10b1f7d4?s=96&d=mm&r=g","height":96,"width":96}},"publisher":{"@type":"Organization","name":"usis.cz","logo":{"@type":"ImageObject","@id":"\/logo.png","url":"\/logo.png","width":600,"height":60}},"image":{"@type":"ImageObject","@id":"https:\/\/www.usis.cz\/wp-content\/uploads\/a-book-4295853_640.jpg","url":"https:\/\/www.usis.cz\/wp-content\/uploads\/a-book-4295853_640.jpg","height":0,"width":0},"keywords":null},{"@type":"Article","@id":"https:\/\/www.usis.cz\/najdete-ty-prave\/","headline":"Najd\u011bte ty prav\u00e9","url":"https:\/\/www.usis.cz\/najdete-ty-prave\/","datePublished":"2025-07-05","dateModified":"2025-07-05","mainEntityOfPage":"https:\/\/www.usis.cz\/najdete-ty-prave\/","author":{"@type":"Person","@id":"https:\/\/www.usis.cz\/author\/devene\/#Person","name":"usis.cz","url":"https:\/\/www.usis.cz\/author\/devene\/","identifier":1,"image":{"@type":"ImageObject","@id":"https:\/\/secure.gravatar.com\/avatar\/da76ffe9456a057fb26f92cd8eb3d2effca853864e9ae2a35290bd1e10b1f7d4?s=96&d=mm&r=g","url":"https:\/\/secure.gravatar.com\/avatar\/da76ffe9456a057fb26f92cd8eb3d2effca853864e9ae2a35290bd1e10b1f7d4?s=96&d=mm&r=g","height":96,"width":96}},"publisher":{"@type":"Organization","name":"usis.cz","logo":{"@type":"ImageObject","@id":"\/logo.png","url":"\/logo.png","width":600,"height":60}},"image":{"@type":"ImageObject","@id":"https:\/\/www.usis.cz\/wp-content\/uploads\/bride-6538973_640.jpg","url":"https:\/\/www.usis.cz\/wp-content\/uploads\/bride-6538973_640.jpg","height":0,"width":0},"keywords":null},{"@type":"Article","@id":"https:\/\/www.usis.cz\/deti-a-kolo\/","headline":"D\u011bti a kolo","url":"https:\/\/www.usis.cz\/deti-a-kolo\/","datePublished":"2025-03-06","dateModified":"2023-04-28","mainEntityOfPage":"https:\/\/www.usis.cz\/deti-a-kolo\/","author":{"@type":"Person","@id":"https:\/\/www.usis.cz\/author\/devene\/#Person","name":"usis.cz","url":"https:\/\/www.usis.cz\/author\/devene\/","identifier":1,"image":{"@type":"ImageObject","@id":"https:\/\/secure.gravatar.com\/avatar\/da76ffe9456a057fb26f92cd8eb3d2effca853864e9ae2a35290bd1e10b1f7d4?s=96&d=mm&r=g","url":"https:\/\/secure.gravatar.com\/avatar\/da76ffe9456a057fb26f92cd8eb3d2effca853864e9ae2a35290bd1e10b1f7d4?s=96&d=mm&r=g","height":96,"width":96}},"publisher":{"@type":"Organization","name":"usis.cz","logo":{"@type":"ImageObject","@id":"\/logo.png","url":"\/logo.png","width":600,"height":60}},"image":{"@type":"ImageObject","@id":"https:\/\/www.usis.cz\/wp-content\/uploads\/img_a318634_w1951_t1529520665.jpg","url":"https:\/\/www.usis.cz\/wp-content\/uploads\/img_a318634_w1951_t1529520665.jpg","height":0,"width":0},"keywords":null},{"@type":"Article","@id":"https:\/\/www.usis.cz\/vybava-pro-dite-se-da-zvladnout-i-levne\/","headline":"V\u00fdbava pro d\u00edt\u011b se d\u00e1 zvl\u00e1dnout i levn\u011b","url":"https:\/\/www.usis.cz\/vybava-pro-dite-se-da-zvladnout-i-levne\/","datePublished":"2025-03-05","dateModified":"2023-04-28","mainEntityOfPage":"https:\/\/www.usis.cz\/vybava-pro-dite-se-da-zvladnout-i-levne\/","author":{"@type":"Person","@id":"https:\/\/www.usis.cz\/author\/devene\/#Person","name":"usis.cz","url":"https:\/\/www.usis.cz\/author\/devene\/","identifier":1,"image":{"@type":"ImageObject","@id":"https:\/\/secure.gravatar.com\/avatar\/da76ffe9456a057fb26f92cd8eb3d2effca853864e9ae2a35290bd1e10b1f7d4?s=96&d=mm&r=g","url":"https:\/\/secure.gravatar.com\/avatar\/da76ffe9456a057fb26f92cd8eb3d2effca853864e9ae2a35290bd1e10b1f7d4?s=96&d=mm&r=g","height":96,"width":96}},"publisher":{"@type":"Organization","name":"usis.cz","logo":{"@type":"ImageObject","@id":"\/logo.png","url":"\/logo.png","width":600,"height":60}},"image":{"@type":"ImageObject","@id":"https:\/\/www.usis.cz\/wp-content\/uploads\/img_a295043_w1951_t1506683673.jpg","url":"https:\/\/www.usis.cz\/wp-content\/uploads\/img_a295043_w1951_t1506683673.jpg","height":0,"width":0},"keywords":null},{"@type":"Article","@id":"https:\/\/www.usis.cz\/zamerte-se-cilene-na-sve-nakupy\/","headline":"Zam\u011b\u0159te se c\u00edlen\u011b na sv\u00e9 n\u00e1kupy","url":"https:\/\/www.usis.cz\/zamerte-se-cilene-na-sve-nakupy\/","datePublished":"2025-03-02","dateModified":"2023-04-28","mainEntityOfPage":"https:\/\/www.usis.cz\/zamerte-se-cilene-na-sve-nakupy\/","author":{"@type":"Person","@id":"https:\/\/www.usis.cz\/author\/devene\/#Person","name":"usis.cz","url":"https:\/\/www.usis.cz\/author\/devene\/","identifier":1,"image":{"@type":"ImageObject","@id":"https:\/\/secure.gravatar.com\/avatar\/da76ffe9456a057fb26f92cd8eb3d2effca853864e9ae2a35290bd1e10b1f7d4?s=96&d=mm&r=g","url":"https:\/\/secure.gravatar.com\/avatar\/da76ffe9456a057fb26f92cd8eb3d2effca853864e9ae2a35290bd1e10b1f7d4?s=96&d=mm&r=g","height":96,"width":96}},"publisher":{"@type":"Organization","name":"usis.cz","logo":{"@type":"ImageObject","@id":"\/logo.png","url":"\/logo.png","width":600,"height":60}},"image":{"@type":"ImageObject","@id":"https:\/\/www.usis.cz\/wp-content\/uploads\/img_a316335_w1951_t1527278232.jpg","url":"https:\/\/www.usis.cz\/wp-content\/uploads\/img_a316335_w1951_t1527278232.jpg","height":0,"width":0},"keywords":null},{"@type":"Article","@id":"https:\/\/www.usis.cz\/krasne-pocasi-a-pruzracna-voda\/","headline":"Kr\u00e1sn\u00e9 po\u010das\u00ed a pr\u016fzra\u010dn\u00e1 voda","url":"https:\/\/www.usis.cz\/krasne-pocasi-a-pruzracna-voda\/","datePublished":"2023-04-28","dateModified":"2023-04-28","mainEntityOfPage":"https:\/\/www.usis.cz\/krasne-pocasi-a-pruzracna-voda\/","author":{"@type":"Person","@id":"https:\/\/www.usis.cz\/author\/devene\/#Person","name":"usis.cz","url":"https:\/\/www.usis.cz\/author\/devene\/","identifier":1,"image":{"@type":"ImageObject","@id":"https:\/\/secure.gravatar.com\/avatar\/da76ffe9456a057fb26f92cd8eb3d2effca853864e9ae2a35290bd1e10b1f7d4?s=96&d=mm&r=g","url":"https:\/\/secure.gravatar.com\/avatar\/da76ffe9456a057fb26f92cd8eb3d2effca853864e9ae2a35290bd1e10b1f7d4?s=96&d=mm&r=g","height":96,"width":96}},"publisher":{"@type":"Organization","name":"usis.cz","logo":{"@type":"ImageObject","@id":"\/logo.png","url":"\/logo.png","width":600,"height":60}},"image":null,"keywords":null}]}