[{"@context":"https:\/\/schema.org\/","@type":"Article","@id":"https:\/\/www.usis.cz\/nejste-nadseni-ze-sveho-zivota\/#Article","mainEntityOfPage":"https:\/\/www.usis.cz\/nejste-nadseni-ze-sveho-zivota\/","headline":"Nejste nad\u0161eni ze sv\u00e9ho \u017eivota?","name":"Nejste nad\u0161eni ze sv\u00e9ho \u017eivota?","description":"C\u00edt\u00edte, \u017ee v\u00e1\u0161 \u017eivot se neub\u00edr\u00e1 takov\u00fdm sm\u011brem, jak\u00fd jste si vysnili a p\u0159edstavovali, \u017ee bude? Bu\u010fte si jist\u00ed, \u017ee v tom nejste sami. Mnoho lid\u00ed m\u00e1 pocit, \u017ee jim n\u011bco v \u017eivot\u011b uniklo, nestihli spoustu v\u011bc\u00ed, kter\u00e9 m\u011bli v pl\u00e1nu a celkov\u00e1 situace, ve kter\u00e9 se nach\u00e1zej\u00ed, jim jednodu\u0161e&hellip; ","datePublished":"2025-03-06","dateModified":"2023-04-28","author":{"@type":"Person","@id":"https:\/\/www.usis.cz\/author\/devene\/#Person","name":"usis.cz","url":"https:\/\/www.usis.cz\/author\/devene\/","identifier":1,"image":{"@type":"ImageObject","@id":"https:\/\/secure.gravatar.com\/avatar\/da76ffe9456a057fb26f92cd8eb3d2effca853864e9ae2a35290bd1e10b1f7d4?s=96&d=mm&r=g","url":"https:\/\/secure.gravatar.com\/avatar\/da76ffe9456a057fb26f92cd8eb3d2effca853864e9ae2a35290bd1e10b1f7d4?s=96&d=mm&r=g","height":96,"width":96}},"publisher":{"@type":"Organization","name":"usis.cz","logo":{"@type":"ImageObject","@id":"\/logo.png","url":"\/logo.png","width":600,"height":60}},"image":{"@type":"ImageObject","@id":"https:\/\/www.usis.cz\/wp-content\/uploads\/img_a334530_w1951_t1548174111.jpg","url":"https:\/\/www.usis.cz\/wp-content\/uploads\/img_a334530_w1951_t1548174111.jpg","height":0,"width":0},"url":"https:\/\/www.usis.cz\/nejste-nadseni-ze-sveho-zivota\/","about":["\u017divotn\u00ed styl"],"wordCount":499,"articleBody":"C\u00edt\u00edte, \u017ee v\u00e1\u0161 \u017eivot se neub\u00edr\u00e1 takov\u00fdm sm\u011brem, jak\u00fd jste si vysnili a p\u0159edstavovali, \u017ee bude? Bu\u010fte si jist\u00ed, \u017ee v tom nejste sami.  Mnoho lid\u00ed m\u00e1 pocit, \u017ee jim n\u011bco v \u017eivot\u011b uniklo, nestihli spoustu v\u011bc\u00ed, kter\u00e9 m\u011bli v pl\u00e1nu a celkov\u00e1 situace, ve kter\u00e9 se nach\u00e1zej\u00ed, jim jednodu\u0161e nevyhovuje. Kde se stala chyba? Podstatn\u00e9 je uv\u011bdomit si to, \u017ee drtiv\u00e1 v\u011bt\u0161ina v\u011bc\u00ed, kter\u00e9 si pl\u00e1nujeme nebo chceme, nejde dle na\u0161ich p\u0159edstav. I kdy\u017e se v\u0161emo\u017en\u011b sna\u017e\u00edme a bojujeme o to, co bychom si p\u0159\u00e1li m\u00edt nebo za\u017e\u00edt, \u017eivot n\u00e1m d\u00e1 facku v podob\u011b toho, \u017ee se skute\u010dnost bude li\u0161it od toho, co chceme my sami. To v\u0161ak je\u0161t\u011b neznamen\u00e1, \u017ee je tomu tak ve v\u0161ech p\u0159\u00edpadech a nikdy se nedo\u010dk\u00e1me toho, abychom zaz\u00e1\u0159ili a \u017eili si poh\u00e1dkov\u011b. T\u011b\u017ek\u00e1 pr\u00e1ce, vynalo\u017een\u00ed v\u0161eho \u00fasil\u00ed, schopnost p\u0159ekon\u00e1vat p\u0159ek\u00e1\u017eky a v\u00edra, \u017ee lze n\u011b\u010deho dos\u00e1hnout d\u00edky ambic\u00edm a p\u0159esv\u011bd\u010den\u00ed, \u017ee to jde, u\u017e mnoho lid\u00ed p\u0159ivedla do stavu, kdy jejich \u017eivot \u017eili naplno a byli opravdu \u0161\u0165astn\u00ed. Z\u00e1vist jako k\u00e1men \u00farazu Mo\u017en\u00e1 m\u00e1te pocit m\u00e9n\u011bcennosti a nespokojenosti nad va\u0161\u00edm \u017eivotem i d\u00edky tomu, \u017ee m\u00e1te ve va\u0161em okol\u00ed p\u0159\u00edpad, kdy si n\u011bkdo \u017eije nad pom\u011bry a v\u0161echno se mu da\u0159\u00ed. \u0158\u00edk\u00e1 se tomu z\u00e1vist nad n\u011b\u010d\u00edm, o \u010dem ani nev\u00edte, jestli je skute\u010dn\u00e9. Nem\u016f\u017eete druh\u00fdm z\u00e1vid\u011bt to, co maj\u00ed a v\u00e1m to sch\u00e1z\u00ed. Abyste byli spokojeni, nepot\u0159ebujete k \u017eivotu ani pen\u00edze a ani \u0161t\u011bst\u00ed. Jedin\u00e9, co v\u00e1m m\u016f\u017ee p\u0159in\u00e9st dobr\u00fd pocit ze sebe sam\u00fdch a pr\u016fb\u011bhu va\u0161eho \u017eivota je to, \u017ee budete vd\u011b\u010dn\u00ed za v\u0161echno, co m\u00e1te. Jsou to pr\u00e1v\u011b mali\u010dkosti, kter\u00e9 z na\u0161eho \u017eivota d\u011blaj\u00ed celek a p\u0159in\u00e1\u0161ej\u00ed n\u00e1m pocit \u0161t\u011bst\u00ed. Vz\u00e1cnost\u00ed je to, \u017ee se z nich budete t\u011b\u0161it a nepromarn\u00edte v\u00e1\u0161 \u010das na zemi t\u00edm, \u017ee budete cht\u00edt \u017e\u00edt \u017eivot n\u011bkoho jin\u00e9ho. Zm\u011bnit m\u016f\u017eete \u00fapln\u011b v\u0161echno Pokud v\u00e1s tr\u00e1p\u00ed my\u0161lenka na to, \u017ee je v\u00e1\u0161 \u017eivot pr\u00e1zdn\u00fd a nic v n\u011bm, nem\u00e1 pro v\u00e1s smysl k tomu, abyste ho \u017eili naplno, m\u016f\u017eete se i vy postarat o to, aby se to zm\u011bnilo. Nem\u016f\u017eete v\u0161ak \u010dekat na to, \u017ee v\u00e1m to spadne do kl\u00edna samo, ale naopak vynalo\u017eit ve\u0161kerou va\u0161i energii a snahu k tomu, aby ta zm\u011bna p\u0159i\u0161la d\u00edky tomu, \u017ee pro to d\u011bl\u00e1te maximum.                                                                                                                                                                                                                                                                                                                                                                                         4.3\/5 - (9 votes)        "},{"@context":"https:\/\/schema.org\/","@type":"BreadcrumbList","itemListElement":[{"@type":"ListItem","position":1,"name":"Nejste nad\u0161eni ze sv\u00e9ho \u017eivota?","item":"https:\/\/www.usis.cz\/nejste-nadseni-ze-sveho-zivota\/#breadcrumbitem"}]}]