[{"@context":"https:\/\/schema.org\/","@type":"Article","@id":"https:\/\/www.usis.cz\/ruze-v-kvetinaci-u-vas-doma\/#Article","mainEntityOfPage":"https:\/\/www.usis.cz\/ruze-v-kvetinaci-u-vas-doma\/","headline":"R\u016f\u017ee v kv\u011btin\u00e1\u010di u v\u00e1s doma","name":"R\u016f\u017ee v kv\u011btin\u00e1\u010di u v\u00e1s doma","description":"R\u016f\u017ee jsou n\u00e1dhern\u00e9, \u00fa\u017easn\u011b vonn\u00ed a m\u00e1me je r\u00e1di. Asi ka\u017ed\u00e1 \u017eena si p\u0159eje alespo\u0148 jednou za \u017eivot dostat plnou n\u00e1ru\u010d r\u016f\u017e\u00ed. Symbolizuj\u00ed l\u00e1sku a pro jejich p\u0159ekr\u00e1snou a intenzivn\u00ed v\u016fni se p\u0159id\u00e1vaj\u00ed do parf\u00e9m\u016f. P\u0159ekr\u00e1sn\u00e9 a vzne\u0161en\u00e9 jsou plan\u00e9 r\u016f\u017ee rostouc\u00ed v zahrad\u00e1ch, i ty \u0159ezan\u00e9, kter\u00e9 si m\u016f\u017eeme&hellip; ","datePublished":"2025-02-28","dateModified":"2023-04-28","author":{"@type":"Person","@id":"https:\/\/www.usis.cz\/author\/devene\/#Person","name":"usis.cz","url":"https:\/\/www.usis.cz\/author\/devene\/","identifier":1,"image":{"@type":"ImageObject","@id":"https:\/\/secure.gravatar.com\/avatar\/da76ffe9456a057fb26f92cd8eb3d2effca853864e9ae2a35290bd1e10b1f7d4?s=96&d=mm&r=g","url":"https:\/\/secure.gravatar.com\/avatar\/da76ffe9456a057fb26f92cd8eb3d2effca853864e9ae2a35290bd1e10b1f7d4?s=96&d=mm&r=g","height":96,"width":96}},"publisher":{"@type":"Organization","name":"usis.cz","logo":{"@type":"ImageObject","@id":"\/logo.png","url":"\/logo.png","width":600,"height":60}},"image":{"@type":"ImageObject","@id":"https:\/\/www.usis.cz\/wp-content\/uploads\/img_a340897_w1951_t1553755664.jpg","url":"https:\/\/www.usis.cz\/wp-content\/uploads\/img_a340897_w1951_t1553755664.jpg","height":0,"width":0},"url":"https:\/\/www.usis.cz\/ruze-v-kvetinaci-u-vas-doma\/","about":["D\u016fm a byt"],"wordCount":431,"articleBody":"R\u016f\u017ee jsou n\u00e1dhern\u00e9, \u00fa\u017easn\u011b vonn\u00ed a m\u00e1me je r\u00e1di. Asi ka\u017ed\u00e1 \u017eena si p\u0159eje alespo\u0148 jednou za \u017eivot dostat plnou n\u00e1ru\u010d r\u016f\u017e\u00ed. Symbolizuj\u00ed l\u00e1sku a pro jejich p\u0159ekr\u00e1snou a intenzivn\u00ed v\u016fni se p\u0159id\u00e1vaj\u00ed do parf\u00e9m\u016f. P\u0159ekr\u00e1sn\u00e9 a vzne\u0161en\u00e9 jsou plan\u00e9 r\u016f\u017ee rostouc\u00ed v zahrad\u00e1ch, i ty \u0159ezan\u00e9, kter\u00e9 si m\u016f\u017eeme d\u00e1t do v\u00e1zi\u010dky. Jen\u017ee ty \u010dasto velmi rychle zvadnou. Co\u017e je velk\u00e1 \u0161koda. Doma toti\u017e ud\u011blaj\u00ed hodn\u011b par\u00e1dy. Typickou barvou pro r\u016f\u017ee je sice syt\u011b \u010derven\u00e1, ale r\u016f\u017ee nemaj\u00ed zdaleka jen jednu barvu. Mohou b\u00fdt oran\u017eov\u00e9, b\u00edl\u00e9, modr\u00e9, r\u016f\u017eov\u00e9 a plan\u00e9 r\u016f\u017ee i \u017e\u00edhan\u00e9. Kr\u00e1sn\u00e9 jsou ale \u00fapln\u011b v\u0161echny. Nen\u00ed probl\u00e9m si r\u016f\u017ee po\u0159\u00eddit dom\u016f tak\u00e9 v kv\u011btin\u00e1\u010di a p\u011bstovat si je. Vhodn\u00e9 jsou na p\u011bstov\u00e1n\u00ed v kv\u011btin\u00e1\u010di takzvan\u00e9 mini r\u016f\u017ee. D\u016fle\u017eit\u00e9 je um\u011bt se o n\u011b vhodn\u011b postarat a nenechat je jen tak ladem. Za va\u0161i p\u00e9\u010di a starostlivost se v\u00e1m odm\u011bn\u00ed. P\u011bstujeme mini r\u016f\u017ee Pokud si po\u0159\u00edd\u00edte dom\u016f mini r\u016f\u017ei v kv\u011btin\u00e1\u010di, bude v\u00e1m kr\u00e1sn\u011b kv\u00e9st a von\u011bt cel\u00e9 jaro i l\u00e9to. Kdy\u017e budete pravideln\u011b odstra\u0148ovat uschl\u00e9 kv\u00edtky, um\u011bj\u00ed vydr\u017eet kv\u00e9st je\u0161t\u011b d\u00e9le. V\u00e1\u0161 domov \u00fa\u017easn\u011b provon\u00ed a rozvesel\u00ed. Na zimu se kytka mus\u00ed nechat zazimovat, tak\u017ee by m\u011bla po celou dobu b\u00fdt na m\u00edst\u011b, kde se teplota dr\u017e\u00ed pod sedm stup\u0148\u016f, ale mus\u00ed se d\u00e1vat pozor, aby nezmrzly, tak\u017ee pozor pokud je budete cht\u00edt d\u00e1t ven, m\u011bli byste teplotu dob\u0159e hl\u00eddat. Jestli\u017ee by se ale teplota zv\u00fd\u0161ila, mohla by se r\u016f\u017ee vlastn\u011b probudit a t\u00edm by bylo v\u0161echno sna\u017een\u00ed pry\u010d. Na ja\u0159e kv\u011btinu se\u0159\u00edzn\u011bte, a postupn\u011b ji d\u00e1vejte na teplej\u0161\u00ed m\u00edsto. Asi po t\u00fddnu po probuzen\u00ed ze zimn\u00edho sp\u00e1nku m\u016f\u017eete kytku um\u00edstnit na slun\u00ed\u010dko, t\u0159eba na okenn\u00ed parapet. Tak\u00e9 nezapom\u00ednejte r\u016f\u017ee dob\u0159e a pravideln\u011b zal\u00e9vat a tak\u00e9 je dobr\u00e9 je p\u0159ihnojit, nejl\u00e9pe p\u0159\u00edmo hnojivem ur\u010den\u00fdm pro r\u016f\u017ee. R\u016f\u017ee tak\u00e9 vy\u017eaduj\u00ed hodn\u011b prostoru, proto je rad\u011bji s\u00e1zejte do v\u011bt\u0161\u00edch kv\u011btin\u00e1\u010d\u016f. Nebudete je muset alespo\u0148 tak \u010dasto p\u0159esazovat.                                                                                                                                                                                                                                                                                                                                                                                        4\/5 - (7 votes)        "},{"@context":"https:\/\/schema.org\/","@type":"BreadcrumbList","itemListElement":[{"@type":"ListItem","position":1,"name":"R\u016f\u017ee v kv\u011btin\u00e1\u010di u v\u00e1s doma","item":"https:\/\/www.usis.cz\/ruze-v-kvetinaci-u-vas-doma\/#breadcrumbitem"}]}]