[{"@context":"https:\/\/schema.org\/","@type":"Article","@id":"https:\/\/www.usis.cz\/tesnime-si-teplo\/#Article","mainEntityOfPage":"https:\/\/www.usis.cz\/tesnime-si-teplo\/","headline":"T\u011bsn\u00edme si teplo","name":"T\u011bsn\u00edme si teplo","description":"Kdekdo si mysl\u00ed, \u017ee to nen\u00ed \u017e\u00e1dn\u00fd probl\u00e9m, od toho jsou p\u0159ece dve\u0159e a tak\u00e9 topen\u00ed, Jen\u017ee ona jsou i pracovi\u0161t\u011b, kde se tak\u00e9 mus\u00ed od stroj\u016f odv\u00e1\u017eet bu\u010fto hotov\u00fd v\u00fdrobek, nebo jeho polotovar. Kdy\u017e v\u00e1m n\u011bkdo bude jezdit v jednom kuse s voz\u00edky, tak se tam klasick\u00e9 dve\u0159e d\u00e1t&hellip; ","datePublished":"2019-10-21","dateModified":"2023-04-28","author":{"@type":"Person","@id":"https:\/\/www.usis.cz\/author\/devene\/#Person","name":"usis.cz","url":"https:\/\/www.usis.cz\/author\/devene\/","identifier":1,"image":{"@type":"ImageObject","@id":"https:\/\/secure.gravatar.com\/avatar\/da76ffe9456a057fb26f92cd8eb3d2effca853864e9ae2a35290bd1e10b1f7d4?s=96&d=mm&r=g","url":"https:\/\/secure.gravatar.com\/avatar\/da76ffe9456a057fb26f92cd8eb3d2effca853864e9ae2a35290bd1e10b1f7d4?s=96&d=mm&r=g","height":96,"width":96}},"publisher":{"@type":"Organization","name":"usis.cz","logo":{"@type":"ImageObject","@id":"\/logo.png","url":"\/logo.png","width":600,"height":60}},"image":{"@type":"ImageObject","@id":"https:\/\/www.usis.cz\/wp-content\/uploads\/img_a362424_w1951_t1575534041.jpg","url":"https:\/\/www.usis.cz\/wp-content\/uploads\/img_a362424_w1951_t1575534041.jpg","height":0,"width":0},"url":"https:\/\/www.usis.cz\/tesnime-si-teplo\/","about":["N\u00e1kupy"],"wordCount":422,"articleBody":"  Kdekdo si mysl\u00ed, \u017ee to nen\u00ed \u017e\u00e1dn\u00fd probl\u00e9m, od toho jsou p\u0159ece dve\u0159e a tak\u00e9 topen\u00ed, Jen\u017ee ona jsou i pracovi\u0161t\u011b, kde se tak\u00e9 mus\u00ed od stroj\u016f odv\u00e1\u017eet bu\u010fto hotov\u00fd v\u00fdrobek, nebo jeho polotovar. Kdy\u017e v\u00e1m n\u011bkdo bude jezdit v jednom kuse s voz\u00edky, tak se tam klasick\u00e9 dve\u0159e d\u00e1t nedaj\u00ed. Tedy, ony tam samoz\u0159ejm\u011b jsou, ale zav\u00edraj\u00ed se jen po sm\u011bn\u011b, nebo kdy\u017e je d\u00edlna uzav\u0159ena. Ale jinak se tam jezdit mus\u00ed a to neust\u00e1le. Tak vlastn\u011b vznikaly spory mezi t\u011bmi, co nakl\u00e1dku za\u0159izovali a t\u011bmi, co pracovali u stroj\u016f. Ti, co \u0159\u00eddili nemohli st\u00e1le sl\u00e9zat a otev\u00edrat dve\u0159e, a kdy\u017e to ud\u011blali, byla uvnit\u0159 zima. Tak\u017ee si zase st\u011b\u017eovali ti, kte\u0159\u00ed pracovali vevnit\u0159. Kudy kam? I zde se \u0159e\u0161en\u00ed na\u0161lo. Chce to ov\u0161em trochu investovat, a trochu p\u0159em\u00fd\u0161let. Pokud m\u011bl zam\u011bstnavatel, nebo majitel firmy tento probl\u00e9m, nebo dosud m\u00e1, tak by se m\u011bl pod\u00edvat na t\u011bsn\u00edc\u00ed l\u00edmce cena nen\u00ed nijak p\u0159ehnan\u00e1, ale to u\u017e mus\u00ed posoudit pr\u00e1v\u011b majitel \u0159e\u010den\u00e9ho provozu. M\u00e1 mo\u017enost si vybrat z n\u011bkolika rozm\u011br\u016f a samoz\u0159ejmost\u00ed je i v\u00fdb\u011br z n\u011bkolika druh\u016f. Dva z\u00e1kladn\u00ed jsou vlastn\u011b mechanick\u00e9 a tak\u00e9 nafukovac\u00ed. Jako ka\u017ed\u00fd v\u00fdrobek, i tyto maj\u00ed ka\u017ed\u00fd sv\u00e9 klady a z\u00e1pory. Proto je t\u0159eba p\u0159esn\u011b zn\u00e1t jejich um\u00edst\u011bn\u00ed a zv\u00e1\u017eit, kter\u00fd bude na to \u010di ono m\u00edsto lep\u0161\u00ed. P\u0159edev\u0161\u00edm tedymus\u00ed plnit svou funkci. To v podstat\u011b znamen\u00e1 ut\u011bsnit mezery mezi autem, voz\u00edkem, naklada\u010dem a st\u011bnou tak, aby dovnit\u0159 proudilo co nejm\u00e9n\u011b studen\u00e9ho vzduchu a nefoukal sem v\u00edtr. Proto je t\u0159eba samoz\u0159ejm\u011b uzp\u016fsobit i rozm\u011bry. Tedy r\u00e1m l\u00edmc\u016f mus\u00ed b\u00fdt dop\u0159edu propo\u010dten. Pokud si majitel nev\u00ed rady, jak p\u0159esn\u011b to zm\u011b\u0159it, prodejce mu jist\u011b n\u011bkoho po\u0161le. Pak spolu mohou v klidu probrat jak p\u0159esn\u00e9 um\u00edst\u011bn\u00ed, tak i rozm\u011bry a typ tohoto l\u00edmce. V\u00fdsledek bude ten, \u017ee spokojeny budou ob\u011b strany. Jak d\u011bln\u00edci pracuj\u00edc\u00ed uvnit\u0159, tak \u0159idi\u010di n\u00e1kladn\u00edch voz\u016f. Tak\u017ee ve v\u00fdsledku se koupen\u00ed l\u00edmce p\u0159ece jen vyplatilo a investice nebyla zbyte\u010dn\u00e1.                                                                                                                                                                                                                                                                                                                                                                                          4.7\/5 - (6 votes)        "},{"@context":"https:\/\/schema.org\/","@type":"BreadcrumbList","itemListElement":[{"@type":"ListItem","position":1,"name":"T\u011bsn\u00edme si teplo","item":"https:\/\/www.usis.cz\/tesnime-si-teplo\/#breadcrumbitem"}]}]